{"id":75,"date":"2017-07-16T13:11:19","date_gmt":"2017-07-16T13:11:19","guid":{"rendered":"http:\/\/foerderverein-kirche-redlin.de\/?p=75"},"modified":"2017-07-16T13:11:19","modified_gmt":"2017-07-16T13:11:19","slug":"redlin-auf-dem-kirchentag-in-berlin","status":"publish","type":"post","link":"https:\/\/foerderverein-kirche-redlin.de\/?p=75","title":{"rendered":"Redlin auf dem Kirchentag in Berlin"},"content":{"rendered":"<p>In den letzten drei Wochen wurden Massen von Flomen und Speck, \u00c4pfeln und Zwiebeln nach Redlin geschafft. Die Herdplatten in den K\u00fcchen liefen hei\u00df; manche improvisierten eine Sommerk\u00fcche auf der Terrasse.<br \/>\nDas Dorf im Schmalzfieber. Alle m\u00f6glichen Varianten kamen dabei heraus: wei\u00df und braun, mediterran und vegan. Die Kreativit\u00e4t kannte keine Grenzen. Das z\u00fcnftige Brot wurde aus Siggelkow bezogen. Zwar nicht mehr Redlin, aber immerhin beim Hausb\u00e4cker der Redliner. Auch der gew\u00fcnschte Saft wurde &#8222;importiert&#8220;. Aus Gro\u00df Niendorf.<\/p>\n<p>Regional. So etwas gilt viel in Berlin. Wo auch veganes Schmalz hoch im Kurs steht. Sehr hoch. So dass Engp\u00e4sse entstanden.&nbsp;<\/p>\n<p>Die spinnen, die Berliner.<\/p>\n<p>Doch der Reihe nach. Am Morgen des 24.5. rollte ein Konvoi aus Redlin \u00fcber die A24 und die Innenstadtstra\u00dfen direkt vor den Reichstag. Viel Platz. Eine perfekte Organisation. Nach und nach vergr\u00f6\u00dferte sich die Mitarbeiterzahl auf \u00fcber zehn und es wurde flei\u00dfig vorbereitet: Schmalzstullenschmierstation, Verkauf S\u00e4fte, Verkauf Stullen, Diashow zu Redlin, Informationstische vor dem ger\u00e4umigen Zelt der Kirchengemeinde.<\/p>\n<p>Dekoration und Hingucker waren zwei blitzblanke, chromblitzende Bikes, die manchen Kirchentagsbesucher mehr anzogen als alles andere. Damit und mit unserem pers\u00f6nlichen Outfit wollten wir ausdr\u00fccken, dass Bikerclub, Feuerwehr und F\u00f6rderverein an einem Strang ziehen, wenn es um die Renovierung und Erhaltung unserer Dorfkirche geht. Und so trugen wir den Kirchturm auf dem Bauch, das blaue Shirt der Feuerwehr und die lederne Bikerkluft. Je nachdem. Bunt, aber mit Engagement.<\/p>\n<p>Beim Anbruch der Dunkelheit waren wir ausverkauft. Selbst die Brotanschnitte waren geschickt unter die Leute gebracht. Die Mitstreiter im Alter zwischen neun und siebzig ziemlich geschafft. Aber noch war Programm und dann Abmarsch der Besucher. Da hie\u00df es sich in Geduld zu \u00fcben.<\/p>\n<p>Das Abr\u00e4umen ging schnell von der Hand. Schlie\u00dflich war alles in den Fahrzeugen verstaut und der Konvoi verschwand wieder in der Nacht Richtung Heimat. Inzwischen war es Mitternacht. Wer wann ins Bett gekommen ist, kann der Chronist nur vermuten.&nbsp;<\/p>\n<p>Ein gro\u00dfer Erfolg f\u00fcr so einen kleinen Ort. Initiiert und begleitet wurde das Projekt von Frau Kloss, die Bewohner hat Herr Widdecke in Schwung gebracht. So half am Ende rund die H\u00e4lfte der Bev\u00f6lkerung in irgendeiner Form mit.&nbsp;<\/p>\n<p>Rechnen Sie das mal auf Berlin um!!!<\/p>\n<p>Es dankt allen Beteiligten und der Agrargenossenschaft:&nbsp;<\/p>\n<p>Andreas Klumpp, f\u00fcr den F\u00f6rderverein Kirche Redlin e. V.<\/p>\n<p>\u00dcbrigens: Fast 500\u20ac unterm Strich f\u00fcr die Dorfkirche Redlin!<\/p>\n","protected":false},"excerpt":{"rendered":"<p>In den letzten drei Wochen wurden Massen von Flomen und Speck, \u00c4pfeln und Zwiebeln nach Redlin geschafft. Die Herdplatten in den K\u00fcchen liefen hei\u00df; manche improvisierten eine Sommerk\u00fcche auf der Terrasse. Das Dorf im Schmalzfieber. Alle m\u00f6glichen Varianten kamen dabei heraus: wei\u00df und braun, mediterran und vegan. Die Kreativit\u00e4t kannte keine Grenzen. Das z\u00fcnftige Brot &hellip; <a href=\"https:\/\/foerderverein-kirche-redlin.de\/?p=75\" class=\"more-link\"><span class=\"screen-reader-text\">Redlin auf dem Kirchentag in Berlin<\/span> weiterlesen<\/a><\/p>\n","protected":false},"author":1,"featured_media":0,"comment_status":"closed","ping_status":"closed","sticky":false,"template":"","format":"standard","meta":{"footnotes":""},"categories":[1],"tags":[],"class_list":["post-75","post","type-post","status-publish","format-standard","hentry","category-allgemein"],"_links":{"self":[{"href":"https:\/\/foerderverein-kirche-redlin.de\/index.php?rest_route=\/wp\/v2\/posts\/75","targetHints":{"allow":["GET"]}}],"collection":[{"href":"https:\/\/foerderverein-kirche-redlin.de\/index.php?rest_route=\/wp\/v2\/posts"}],"about":[{"href":"https:\/\/foerderverein-kirche-redlin.de\/index.php?rest_route=\/wp\/v2\/types\/post"}],"author":[{"embeddable":true,"href":"https:\/\/foerderverein-kirche-redlin.de\/index.php?rest_route=\/wp\/v2\/users\/1"}],"replies":[{"embeddable":true,"href":"https:\/\/foerderverein-kirche-redlin.de\/index.php?rest_route=%2Fwp%2Fv2%2Fcomments&post=75"}],"version-history":[{"count":1,"href":"https:\/\/foerderverein-kirche-redlin.de\/index.php?rest_route=\/wp\/v2\/posts\/75\/revisions"}],"predecessor-version":[{"id":76,"href":"https:\/\/foerderverein-kirche-redlin.de\/index.php?rest_route=\/wp\/v2\/posts\/75\/revisions\/76"}],"wp:attachment":[{"href":"https:\/\/foerderverein-kirche-redlin.de\/index.php?rest_route=%2Fwp%2Fv2%2Fmedia&parent=75"}],"wp:term":[{"taxonomy":"category","embeddable":true,"href":"https:\/\/foerderverein-kirche-redlin.de\/index.php?rest_route=%2Fwp%2Fv2%2Fcategories&post=75"},{"taxonomy":"post_tag","embeddable":true,"href":"https:\/\/foerderverein-kirche-redlin.de\/index.php?rest_route=%2Fwp%2Fv2%2Ftags&post=75"}],"curies":[{"name":"wp","href":"https:\/\/api.w.org\/{rel}","templated":true}]}}