{"id":68,"date":"2017-04-02T17:00:07","date_gmt":"2017-04-02T17:00:07","guid":{"rendered":"http:\/\/foerderverein-kirche-redlin.de\/?p=68"},"modified":"2017-04-02T17:44:52","modified_gmt":"2017-04-02T17:44:52","slug":"deutscher-evangelischer-kirchentag-abend-der-begegnung-am-24-mai-2017-in-berlin","status":"publish","type":"post","link":"https:\/\/foerderverein-kirche-redlin.de\/?p=68","title":{"rendered":"Deutscher Evangelischer Kirchentag &#8211; Redlin am Abend der Begegnung am 24. Mai 2017 in Berlin mit dabei"},"content":{"rendered":"<p>Auf nach Berlin! Redlin on tour.&nbsp;Eine nicht gerade alte Kirche auf dem Land, darum zwei Dutzend H\u00e4user, ein ziemlich leerer Friedhof. Nicht mehr Brandenburg, noch nicht so ganz Mecklenburg. L\u00e4ndliche Tristesse?  &#8211; Von wegen. Am Wochenende \u00fcbt die Feuerwehr, schwere Bikes brausen durch den Parcours der Dorfstra\u00dfe. Einmal drumrum.&nbsp;<\/p>\n<p>Alte und Junge, inzwischen  wieder ganz Junge, die mittlere Generation, alle Konfessionen, aber auch diejenigen, die nicht Mitglieder einer Glaubensgemeinschaft sind, haben einen geografischen und emotionalen Mittelpunkt: die Dorfkirche. Und die engagierte Pastorin \u00f6ffnet sie f\u00fcr jede und jeden. Konsequent. Und das hat Folgen. Inzwischen f\u00fchlt sich die ganze kleine Menschengruppe wieder als Gemeinde. In all ihrer Vielfalt. Ohne religi\u00f6se Verpflichtung. Aber in der Pflicht, dieses Kirchlein dem Dorf zu erhalten. Und so arbeiten viele im F\u00f6rderverein zusammen, die Biker lassen ihre Helme segnen und die Feuerwehr ist sowieso immer dabei. Und gefeiert wird drumherum. Ausgiebig und manchmal ziemlich wild. Das Ziel: Die Kirche bleibt im Dorf. &nbsp;<\/p>\n<p>Und das muss die Welt erfahren. Die Siggelkower haben es vorgemacht und sitzen inzwischen in ihrem rundum erneuerten Gotteshaus. Das muss Redlin auch gelingen. Deshalb ein Stand auf dem Kirchentag in Berlin. Aufmerksamkeit erregen, Einheit in der Vielfalt demonstrieren und nicht zuletzt das Gemeinschaftsgef\u00fchl st\u00e4rken. Darauf l\u00e4uft es hinaus. Und die mit dem Geld, die Stiftungen und staatlichen wie kirchlichen Entscheider sollen erfahren, dass diese Kirche mehr ist f\u00fcr die Bewohner der paar H\u00e4user am Rande als eine kunsthistorische Randerscheinung. Sie ist das Herz ihrer Gemeinschaft.<\/p>\n","protected":false},"excerpt":{"rendered":"<p>Auf nach Berlin! Redlin on tour.&nbsp;Eine nicht gerade alte Kirche auf dem Land, darum zwei Dutzend H\u00e4user, ein ziemlich leerer Friedhof. Nicht mehr Brandenburg, noch nicht so ganz Mecklenburg. L\u00e4ndliche Tristesse? &#8211; Von wegen. Am Wochenende \u00fcbt die Feuerwehr, schwere Bikes brausen durch den Parcours der Dorfstra\u00dfe. Einmal drumrum.&nbsp; Alte und Junge, inzwischen wieder ganz &hellip; <a href=\"https:\/\/foerderverein-kirche-redlin.de\/?p=68\" class=\"more-link\"><span class=\"screen-reader-text\">Deutscher Evangelischer Kirchentag &#8211; Redlin am Abend der Begegnung am 24. Mai 2017 in Berlin mit dabei<\/span> weiterlesen<\/a><\/p>\n","protected":false},"author":1,"featured_media":0,"comment_status":"closed","ping_status":"closed","sticky":false,"template":"","format":"standard","meta":{"footnotes":""},"categories":[1],"tags":[],"class_list":["post-68","post","type-post","status-publish","format-standard","hentry","category-allgemein"],"_links":{"self":[{"href":"https:\/\/foerderverein-kirche-redlin.de\/index.php?rest_route=\/wp\/v2\/posts\/68","targetHints":{"allow":["GET"]}}],"collection":[{"href":"https:\/\/foerderverein-kirche-redlin.de\/index.php?rest_route=\/wp\/v2\/posts"}],"about":[{"href":"https:\/\/foerderverein-kirche-redlin.de\/index.php?rest_route=\/wp\/v2\/types\/post"}],"author":[{"embeddable":true,"href":"https:\/\/foerderverein-kirche-redlin.de\/index.php?rest_route=\/wp\/v2\/users\/1"}],"replies":[{"embeddable":true,"href":"https:\/\/foerderverein-kirche-redlin.de\/index.php?rest_route=%2Fwp%2Fv2%2Fcomments&post=68"}],"version-history":[{"count":4,"href":"https:\/\/foerderverein-kirche-redlin.de\/index.php?rest_route=\/wp\/v2\/posts\/68\/revisions"}],"predecessor-version":[{"id":72,"href":"https:\/\/foerderverein-kirche-redlin.de\/index.php?rest_route=\/wp\/v2\/posts\/68\/revisions\/72"}],"wp:attachment":[{"href":"https:\/\/foerderverein-kirche-redlin.de\/index.php?rest_route=%2Fwp%2Fv2%2Fmedia&parent=68"}],"wp:term":[{"taxonomy":"category","embeddable":true,"href":"https:\/\/foerderverein-kirche-redlin.de\/index.php?rest_route=%2Fwp%2Fv2%2Fcategories&post=68"},{"taxonomy":"post_tag","embeddable":true,"href":"https:\/\/foerderverein-kirche-redlin.de\/index.php?rest_route=%2Fwp%2Fv2%2Ftags&post=68"}],"curies":[{"name":"wp","href":"https:\/\/api.w.org\/{rel}","templated":true}]}}