{"id":204,"date":"2024-12-10T18:15:30","date_gmt":"2024-12-10T18:15:30","guid":{"rendered":"https:\/\/foerderverein-kirche-redlin.de\/?p=204"},"modified":"2024-12-10T18:15:30","modified_gmt":"2024-12-10T18:15:30","slug":"glockengelaeut-in-redlin","status":"publish","type":"post","link":"https:\/\/foerderverein-kirche-redlin.de\/?p=204","title":{"rendered":"Glockengel\u00e4ut in Redlin"},"content":{"rendered":"\n<p>Zu den vertrauten heimatlichen Kl\u00e4ngen geh\u00f6rt f\u00fcr viele Menschen das Glockenl\u00e4uten. Traditionell l\u00e4uten die Kirchenglocken, um die Gemeinde in die Kirche, vor einem Gottesdienst zusammenzurufen.<\/p>\n\n\n\n<p>Glocken stehen f\u00fcr gegens\u00e4tzliche Pole, zwischen denen das Leben hin und her schwingt. Der Klang der Glocke verbindet Himmel und Erde, begleitet das Leben in all seinen H\u00f6hen und Tiefen, l\u00e4utet bei Taufe und Tod, am Anfang und am Ende. Die Glocke erinnert an die Endlichkeit des Lebens.&nbsp;<\/p>\n\n\n\n<p>Seit Anfang Dezember ersetzt ein elektronisches Glockengel\u00e4ut das Handgel\u00e4ut in der&nbsp;Redliner&nbsp;Kirche. Sie l\u00e4utet t\u00e4glich um 18 Uhr. M\u00f6glich wurde auch dieses Projekt durch eine anteilige Spende des F\u00f6rdervereins Kirche Redlin e.V.<\/p>\n","protected":false},"excerpt":{"rendered":"<p>Zu den vertrauten heimatlichen Kl\u00e4ngen geh\u00f6rt f\u00fcr viele Menschen das Glockenl\u00e4uten. Traditionell l\u00e4uten die Kirchenglocken, um die Gemeinde in die Kirche, vor einem Gottesdienst zusammenzurufen. Glocken stehen f\u00fcr gegens\u00e4tzliche Pole, zwischen denen das Leben hin und her schwingt. Der Klang der Glocke verbindet Himmel und Erde, begleitet das Leben in all seinen H\u00f6hen und Tiefen, &hellip; <a href=\"https:\/\/foerderverein-kirche-redlin.de\/?p=204\" class=\"more-link\"><span class=\"screen-reader-text\">Glockengel\u00e4ut in Redlin<\/span> weiterlesen<\/a><\/p>\n","protected":false},"author":1,"featured_media":0,"comment_status":"closed","ping_status":"closed","sticky":false,"template":"","format":"standard","meta":{"footnotes":""},"categories":[1],"tags":[],"class_list":["post-204","post","type-post","status-publish","format-standard","hentry","category-allgemein"],"_links":{"self":[{"href":"https:\/\/foerderverein-kirche-redlin.de\/index.php?rest_route=\/wp\/v2\/posts\/204","targetHints":{"allow":["GET"]}}],"collection":[{"href":"https:\/\/foerderverein-kirche-redlin.de\/index.php?rest_route=\/wp\/v2\/posts"}],"about":[{"href":"https:\/\/foerderverein-kirche-redlin.de\/index.php?rest_route=\/wp\/v2\/types\/post"}],"author":[{"embeddable":true,"href":"https:\/\/foerderverein-kirche-redlin.de\/index.php?rest_route=\/wp\/v2\/users\/1"}],"replies":[{"embeddable":true,"href":"https:\/\/foerderverein-kirche-redlin.de\/index.php?rest_route=%2Fwp%2Fv2%2Fcomments&post=204"}],"version-history":[{"count":1,"href":"https:\/\/foerderverein-kirche-redlin.de\/index.php?rest_route=\/wp\/v2\/posts\/204\/revisions"}],"predecessor-version":[{"id":205,"href":"https:\/\/foerderverein-kirche-redlin.de\/index.php?rest_route=\/wp\/v2\/posts\/204\/revisions\/205"}],"wp:attachment":[{"href":"https:\/\/foerderverein-kirche-redlin.de\/index.php?rest_route=%2Fwp%2Fv2%2Fmedia&parent=204"}],"wp:term":[{"taxonomy":"category","embeddable":true,"href":"https:\/\/foerderverein-kirche-redlin.de\/index.php?rest_route=%2Fwp%2Fv2%2Fcategories&post=204"},{"taxonomy":"post_tag","embeddable":true,"href":"https:\/\/foerderverein-kirche-redlin.de\/index.php?rest_route=%2Fwp%2Fv2%2Ftags&post=204"}],"curies":[{"name":"wp","href":"https:\/\/api.w.org\/{rel}","templated":true}]}}