{"id":194,"date":"2024-11-28T20:33:19","date_gmt":"2024-11-28T20:33:19","guid":{"rendered":"https:\/\/foerderverein-kirche-redlin.de\/?p=194"},"modified":"2024-11-29T07:45:34","modified_gmt":"2024-11-29T07:45:34","slug":"herbstputz-in-redlin","status":"publish","type":"post","link":"https:\/\/foerderverein-kirche-redlin.de\/?p=194","title":{"rendered":"Herbstputz in Redlin"},"content":{"rendered":"\n<p>Am 23. November 2024 war es wieder so weit. Wie in jedem Jahr hat sich eine kleine Schar&nbsp;flei\u00dfiger Helfer in Redlin zum Dorfeinsatz am Linden-Drei-Eck&nbsp;eingefunden.<\/p>\n\n\n\n<p>Gro\u00df und&nbsp;Klein&nbsp;haben gemeinsam Laub rund um den Kirchplatz und auf dem Friedhof geharkt und&nbsp;unerm\u00fcdlich&nbsp;gewerkelt.<\/p>\n\n\n\n<p>Von einer Redliner Einwohnerin wurde der diesj\u00e4hrige Weihnachtsbaum gespendet und mit gro\u00dfer Technik der Agrargenossenschaft aufgestellt. Am Samstag war es ungem\u00fctlich windig, nass und kalt, so dass sich mit Gl\u00fchwein und Tee&nbsp;in der Kirche&nbsp;aufgew\u00e4rmt&nbsp;wurde.<\/p>\n\n\n\n<p>Am&nbsp;gestrigen&nbsp;Mittwoch&nbsp;trafen wir uns erneut, um den Kirchplatz und den Tannenbaum festlich zu schm\u00fccken.&nbsp;Schwindelfreie M\u00e4nner kletterten in den&nbsp;Korb&nbsp;des Teleskopladers,&nbsp;um die Weihnachtbeleuchtung in&nbsp;luftiger&nbsp;H\u00f6he zu&nbsp;dekorieren.&nbsp;Der Abend klang aus beim gem\u00fctlichen Grillen, kirchlichem Glockengel\u00e4ut und Weihnachtsmusik.<\/p>\n\n\n\n<p>Vielen Dank allen flei\u00dfigen Redlinern!<\/p>\n\n\n\n<figure class=\"wp-block-image size-large\"><img loading=\"lazy\" decoding=\"async\" width=\"576\" height=\"1024\" src=\"https:\/\/foerderverein-kirche-redlin.de\/wp-content\/uploads\/2024\/11\/6a-1-576x1024.jpg\" alt=\"\" class=\"wp-image-197\" srcset=\"https:\/\/foerderverein-kirche-redlin.de\/wp-content\/uploads\/2024\/11\/6a-1-576x1024.jpg 576w, https:\/\/foerderverein-kirche-redlin.de\/wp-content\/uploads\/2024\/11\/6a-1-169x300.jpg 169w, https:\/\/foerderverein-kirche-redlin.de\/wp-content\/uploads\/2024\/11\/6a-1-768x1365.jpg 768w, https:\/\/foerderverein-kirche-redlin.de\/wp-content\/uploads\/2024\/11\/6a-1-864x1536.jpg 864w, https:\/\/foerderverein-kirche-redlin.de\/wp-content\/uploads\/2024\/11\/6a-1.jpg 1125w\" sizes=\"auto, (max-width: 576px) 100vw, 576px\" \/><\/figure>\n\n\n\n<p><\/p>\n\n\n\n<figure class=\"wp-block-image size-large\"><img loading=\"lazy\" decoding=\"async\" width=\"819\" height=\"1024\" src=\"https:\/\/foerderverein-kirche-redlin.de\/wp-content\/uploads\/2024\/11\/4a-1-819x1024.jpg\" class=\"wp-image-199\" srcset=\"https:\/\/foerderverein-kirche-redlin.de\/wp-content\/uploads\/2024\/11\/4a-1-819x1024.jpg 819w, https:\/\/foerderverein-kirche-redlin.de\/wp-content\/uploads\/2024\/11\/4a-1-240x300.jpg 240w, https:\/\/foerderverein-kirche-redlin.de\/wp-content\/uploads\/2024\/11\/4a-1-768x960.jpg 768w, https:\/\/foerderverein-kirche-redlin.de\/wp-content\/uploads\/2024\/11\/4a-1-1229x1536.jpg 1229w, https:\/\/foerderverein-kirche-redlin.de\/wp-content\/uploads\/2024\/11\/4a-1.jpg 1600w\" sizes=\"auto, (max-width: 819px) 100vw, 819px\" \/><\/figure>\n\n\n\n<p><\/p>\n\n\n\n<figure class=\"wp-block-image size-large\"><img loading=\"lazy\" decoding=\"async\" width=\"300\" height=\"210\" src=\"https:\/\/foerderverein-kirche-redlin.de\/wp-content\/uploads\/2024\/11\/3a-1-300x210.jpg\" class=\"wp-image-200\" srcset=\"https:\/\/foerderverein-kirche-redlin.de\/wp-content\/uploads\/2024\/11\/3a-1-300x210.jpg 300w, https:\/\/foerderverein-kirche-redlin.de\/wp-content\/uploads\/2024\/11\/3a-1-768x537.jpg 768w, https:\/\/foerderverein-kirche-redlin.de\/wp-content\/uploads\/2024\/11\/3a-1.jpg 785w\" sizes=\"auto, (max-width: 300px) 100vw, 300px\" \/><\/figure>\n\n\n\n<p><\/p>\n\n\n\n<figure class=\"wp-block-image size-large\"><img loading=\"lazy\" decoding=\"async\" width=\"300\" height=\"279\" src=\"https:\/\/foerderverein-kirche-redlin.de\/wp-content\/uploads\/2024\/11\/2a-1-300x279.jpg\" class=\"wp-image-201\" srcset=\"https:\/\/foerderverein-kirche-redlin.de\/wp-content\/uploads\/2024\/11\/2a-1-300x279.jpg 300w, https:\/\/foerderverein-kirche-redlin.de\/wp-content\/uploads\/2024\/11\/2a-1-768x714.jpg 768w, https:\/\/foerderverein-kirche-redlin.de\/wp-content\/uploads\/2024\/11\/2a-1.jpg 829w\" sizes=\"auto, (max-width: 300px) 100vw, 300px\" \/><\/figure>\n\n\n\n<p><\/p>\n\n\n\n<figure class=\"wp-block-image size-large\"><img loading=\"lazy\" decoding=\"async\" width=\"881\" height=\"1024\" src=\"https:\/\/foerderverein-kirche-redlin.de\/wp-content\/uploads\/2024\/11\/1a-1-881x1024.jpg\" class=\"wp-image-202\" srcset=\"https:\/\/foerderverein-kirche-redlin.de\/wp-content\/uploads\/2024\/11\/1a-1-881x1024.jpg 881w, https:\/\/foerderverein-kirche-redlin.de\/wp-content\/uploads\/2024\/11\/1a-1-258x300.jpg 258w, https:\/\/foerderverein-kirche-redlin.de\/wp-content\/uploads\/2024\/11\/1a-1-768x892.jpg 768w, https:\/\/foerderverein-kirche-redlin.de\/wp-content\/uploads\/2024\/11\/1a-1.jpg 1200w\" sizes=\"auto, (max-width: 881px) 100vw, 881px\" \/><\/figure>\n","protected":false},"excerpt":{"rendered":"<p>Am 23. November 2024 war es wieder so weit. Wie in jedem Jahr hat sich eine kleine Schar&nbsp;flei\u00dfiger Helfer in Redlin zum Dorfeinsatz am Linden-Drei-Eck&nbsp;eingefunden. Gro\u00df und&nbsp;Klein&nbsp;haben gemeinsam Laub rund um den Kirchplatz und auf dem Friedhof geharkt und&nbsp;unerm\u00fcdlich&nbsp;gewerkelt. Von einer Redliner Einwohnerin wurde der diesj\u00e4hrige Weihnachtsbaum gespendet und mit gro\u00dfer Technik der Agrargenossenschaft aufgestellt. &hellip; <a href=\"https:\/\/foerderverein-kirche-redlin.de\/?p=194\" class=\"more-link\"><span class=\"screen-reader-text\">Herbstputz in Redlin<\/span> weiterlesen<\/a><\/p>\n","protected":false},"author":1,"featured_media":0,"comment_status":"closed","ping_status":"closed","sticky":false,"template":"","format":"standard","meta":{"footnotes":""},"categories":[1],"tags":[],"class_list":["post-194","post","type-post","status-publish","format-standard","hentry","category-allgemein"],"_links":{"self":[{"href":"https:\/\/foerderverein-kirche-redlin.de\/index.php?rest_route=\/wp\/v2\/posts\/194","targetHints":{"allow":["GET"]}}],"collection":[{"href":"https:\/\/foerderverein-kirche-redlin.de\/index.php?rest_route=\/wp\/v2\/posts"}],"about":[{"href":"https:\/\/foerderverein-kirche-redlin.de\/index.php?rest_route=\/wp\/v2\/types\/post"}],"author":[{"embeddable":true,"href":"https:\/\/foerderverein-kirche-redlin.de\/index.php?rest_route=\/wp\/v2\/users\/1"}],"replies":[{"embeddable":true,"href":"https:\/\/foerderverein-kirche-redlin.de\/index.php?rest_route=%2Fwp%2Fv2%2Fcomments&post=194"}],"version-history":[{"count":4,"href":"https:\/\/foerderverein-kirche-redlin.de\/index.php?rest_route=\/wp\/v2\/posts\/194\/revisions"}],"predecessor-version":[{"id":203,"href":"https:\/\/foerderverein-kirche-redlin.de\/index.php?rest_route=\/wp\/v2\/posts\/194\/revisions\/203"}],"wp:attachment":[{"href":"https:\/\/foerderverein-kirche-redlin.de\/index.php?rest_route=%2Fwp%2Fv2%2Fmedia&parent=194"}],"wp:term":[{"taxonomy":"category","embeddable":true,"href":"https:\/\/foerderverein-kirche-redlin.de\/index.php?rest_route=%2Fwp%2Fv2%2Fcategories&post=194"},{"taxonomy":"post_tag","embeddable":true,"href":"https:\/\/foerderverein-kirche-redlin.de\/index.php?rest_route=%2Fwp%2Fv2%2Ftags&post=194"}],"curies":[{"name":"wp","href":"https:\/\/api.w.org\/{rel}","templated":true}]}}